{"id":5922,"date":"2017-06-25T23:21:17","date_gmt":"2017-06-26T06:21:17","guid":{"rendered":"https:\/\/vra-bc.com\/ro\/26-iunie-ziua-drapelului-national\/"},"modified":"2017-06-25T23:23:24","modified_gmt":"2017-06-26T06:23:24","slug":"26-iunie-ziua-drapelului-national","status":"publish","type":"post","link":"https:\/\/vra-bc.com\/ro\/26-iunie-ziua-drapelului-national\/","title":{"rendered":"26 iunie &#8211; Ziua Drapelului Na\u0163ional"},"content":{"rendered":"\n<style type=\"text\/css\" data-created_by=\"avia_inline_auto\" id=\"style-css-av-av_one_full-6126cab7d8fab8d08143dd2dacdf673c\">\n.flex_column.av-av_one_full-6126cab7d8fab8d08143dd2dacdf673c{\n-webkit-border-radius:0px 0px 0px 0px;\n-moz-border-radius:0px 0px 0px 0px;\nborder-radius:0px 0px 0px 0px;\n}\n<\/style>\n<div class='flex_column av-av_one_full-6126cab7d8fab8d08143dd2dacdf673c av_one_full  avia-builder-el-0  avia-builder-el-no-sibling  first flex_column_div av-zero-column-padding '     ><p>\n<style type=\"text\/css\" data-created_by=\"avia_inline_auto\" id=\"style-css-av-av_heading-f758ae9b3e78a07d9b210311f9e18f00\">\n#top .av-special-heading.av-av_heading-f758ae9b3e78a07d9b210311f9e18f00{\npadding-bottom:10px;\n}\nbody .av-special-heading.av-av_heading-f758ae9b3e78a07d9b210311f9e18f00 .av-special-heading-tag .heading-char{\nfont-size:25px;\n}\n.av-special-heading.av-av_heading-f758ae9b3e78a07d9b210311f9e18f00 .av-subheading{\nfont-size:15px;\n}\n<\/style>\n<div  class='av-special-heading av-av_heading-f758ae9b3e78a07d9b210311f9e18f00 av-special-heading-h2  avia-builder-el-1  el_before_av_hr  avia-builder-el-first '><h2 class='av-special-heading-tag'  itemprop=\"headline\"  >26 iunie &#8211; Ziua Drapelului Na\u0163ional<\/h2><div class=\"special-heading-border\"><div class=\"special-heading-inner-border\"><\/div><\/div><\/div><br \/>\n<div  class='hr av-av_hr-dcd2069817a0e3d34ae04cad8f3443c7 hr-default  avia-builder-el-2  el_after_av_heading  el_before_av_textblock '><span class='hr-inner '><span class=\"hr-inner-style\"><\/span><\/span><\/div><br \/>\n<section  class='av_textblock_section av-av_textblock-396ddf1f42196ca838231e61a4602801'  itemscope=\"itemscope\" itemtype=\"https:\/\/schema.org\/BlogPosting\" itemprop=\"blogPost\" ><div class='avia_textblock'  itemprop=\"text\" ><p><strong>Drapelul tricolor rom\u00e2nesc, al\u0103turi de stem\u0103 \u015fi imn reprezint\u0103 un \u00eensemn na\u0163ional important al neamului nostru. El are o tradi\u0163ie popular\u0103 \u015fi cre\u015ftin\u0103 precum \u015fi una revolu\u0163ionar\u0103. D<\/strong>rapelul care i-a \u00eensufle\u0163it pe rom\u00e2ni \u00een momente grele de lupt\u0103, dar \u015fi de bucurie, este s\u0103rb\u0103torit \u00een fiecare an la 26 iunie. Data a fost aleas\u0103 \u00een amintirea zilei c\u00e2nd, \u00een timpul Revolu\u0163iei de la 1848,\u00a0tricolorul ro\u015fu-galben-albastru a fost adoptat ca simbol al na\u0163iunii rom\u00e2ne.<\/p>\n<p><strong>Ziua de 26 iunie a fost proclamat\u0103 prin Legea nr. 96 din 20 mai 1998 Ziua Drapelului Na\u0163ional. Conform legii, aceast\u0103 zi va fi marcat\u0103 de c\u0103tre autorit\u0103\u0163ile publice \u015fi de celelalte institu\u0163ii ale statului prin organizarea unor programe \u015fi manifest\u0103ri cultural-educative, cu caracter evocator sau \u015ftiin\u0163ific, consacrate istoriei patriei, precum \u015fi prin ceremonii militare specifice, organizate \u00een cadrul unit\u0103\u0163ilor Ministerului Ap\u0103r\u0103rii Na\u0163ionale \u015fi ale Ministerului de Interne.\u00a0\u00a0<\/strong><\/p>\n<p><strong>Care este semnifica\u0163ia culorilor drapelului<\/strong><\/p>\n<p><strong>Ro\u015fu - <\/strong>simbol al m\u0103ririi, bravurii, \u00eendr\u0103znelii \u015fi generozit\u0103\u0163ii, precum \u015fi al s\u00e2ngelui v\u0103rsat \u00een lupte, puterii de via\u0163\u0103 \u015fi energiei str\u0103mo\u015fe\u015fti;<\/p>\n<p><strong>Galben<\/strong> (sau aur) - simbol al for\u0163ei, bog\u0103\u0163iei \u015fi purit\u0103\u0163ii, precum \u015fi al holdelor aurii de gr\u00e2u din timpul verii;<\/p>\n<p><strong>Albastru <\/strong>(sau azur) - reprezint\u0103 aerul, cel mai nobil element dup\u0103 foc \u015fi simbolizeaz\u0103 bl\u00e2nde\u0163ea, frumuse\u0163ea noble\u0163ea \u015fi buna credin\u0163\u0103.<\/p>\n<p><strong>Istoria drapelului na\u0163ional<\/strong><\/p>\n<p>Cele trei culori ale tricolorului s-au reg\u0103sit pe steaguri sau stindarde \u00eenca din vremea lui \u015etefan cel Mare \u015fi Mihai Viteazul. Un astfel de steag, care avea \u015fi un \u00eensemn grafic care \u00eei reprezenta pe arhanghelii Mihail \u015fi Gavril, a apar\u0163inut lui Tudor Vladimirescu, conducatorul Revolu\u0163iei de la 1821. Steagul a fost ascuns \u00een timpul revolu\u0163iei pentru a nu fi capturat, iar dup\u0103 ce revolta a fost \u00eenabu\u015fit\u0103, c\u0103pitanii lui Tudor Vladimirescu au hot\u0103r\u00e2t arderea lui, \u015fi totu\u015fi, dupa 60 de ani drapelul a fost g\u0103sit, recondi\u0163ionat \u015fi depus, \u00een urma unei ceremonii speciale, la Casa Armatei din Bucure\u015fti.<\/p>\n<p>Istoria Drapelului Na\u0163ional \u00eencepe \u00eens\u0103 \u00een 1834, c\u00e2nd Alexandru Ghica Vod\u0103 domnitorul \u0162\u0103rii Rom\u00e2ne\u015fti, a ob\u0163inut de la otomani \u00eenvoirea \u201e<em>de a pune steag rom\u00e2nesc cor\u0103biilor negustore\u015fti \u015fi o\u015ftirii<\/em>\". Steagul pentru cor\u0103bii avea dou\u0103 culori: galben \u015fi ro\u015fu, iar cel al armatei trei: ro\u015fu, galben \u015fi albastru \u015fi un vultur la mijloc.<\/p>\n<\/div><\/section><br \/>\n\n<style type=\"text\/css\" data-created_by=\"avia_inline_auto\" id=\"style-css-av-av_image-9dba565ad257872f0f0a3c882fc7dd23\">\n.avia-image-container.av-av_image-9dba565ad257872f0f0a3c882fc7dd23 img.avia_image{\nbox-shadow:none;\n}\n.avia-image-container.av-av_image-9dba565ad257872f0f0a3c882fc7dd23 .av-image-caption-overlay-center{\ncolor:#ffffff;\n}\n<\/style>\n<div  class='avia-image-container av-av_image-9dba565ad257872f0f0a3c882fc7dd23 av-styling- avia-align-center  avia-builder-el-4  el_after_av_textblock  el_before_av_hr '   itemprop=\"image\" itemscope=\"itemscope\" itemtype=\"https:\/\/schema.org\/ImageObject\" ><div class=\"avia-image-container-inner\"><div class=\"avia-image-overlay-wrap\"><img class='wp-image-5916 avia-img-lazy-loading-not-5916 avia_image ' src='https:\/\/vra-bc.com\/wp-content\/uploads\/2017\/06\/Ziua-Drapelului.png' alt='' title='Ziua Drapelului'  height=\"449\" width=\"344\"  itemprop=\"thumbnailUrl\"  \/><\/div><\/div><\/div><br \/>\n<div  class='hr av-av_hr-dcd2069817a0e3d34ae04cad8f3443c7 hr-default  avia-builder-el-5  el_after_av_image  el_before_av_textblock '><span class='hr-inner '><span class=\"hr-inner-style\"><\/span><\/span><\/div><br \/>\n<section  class='av_textblock_section av-av_textblock-396ddf1f42196ca838231e61a4602801'  itemscope=\"itemscope\" itemtype=\"https:\/\/schema.org\/BlogPosting\" itemprop=\"blogPost\" ><div class='avia_textblock'  itemprop=\"text\" ><p><strong>\u00cen timpul Revolutiei de la 1848 Tricolorul a fost adoptat ca simbol al na\u0163iunii<\/strong>, iar dup\u0103 abdicarea domnitorului Gheorghe Bibescu \u015fi instaurarea Guvernului provizoriu de la Bucure\u015fti, a fost promulgat decretul de instituire a Drapelului Na\u0163ional.<\/p>\n<p>Tricolorul devenea astfel steagul na\u0163ional al tuturor rom\u00e2nilor. Culorilor li se atribuia pentru prima dat\u0103 o semnifica\u0163ie,\u00a0<strong>ro\u015ful<\/strong>\u00a0<strong>semnific\u0103 fr\u0103\u0163ia, galbenul exprim\u0103 bog\u0103\u0163ia\u00a0ogoarelor<\/strong>,\u00a0<strong>albastrul semnific\u0103 libertatea.\u00a0<\/strong>Culorile<strong>\u00a0<\/strong>erau \u00eemp\u0103r\u0163ite egal pentru a reprezinta principiul egalit\u0103\u021bii, iar orientarea \u00een sus semnifica verticalitatea.<\/p>\n<p>Un alt moment important \u00een istoria drapelului a fost anul 1859, marcat de dubla alegere a domnitorului Alexandru Ioan Cuza.<\/p>\n<p>P\u00e2n\u0103 \u00een 1861 au fost utilizate simultan at\u00e2t steagurile principatelor Moldovei \u015fi \u0162\u0103rii Rom\u00e2ne\u015fti, c\u00e2t \u015fi tricolorul, iar\u00a0<strong>\u00een 22 iunie 1861, Alexandru Ioan Cuza a decretat tricolorul ca fiind drapelul civil oficial al Principatelor Unite.<\/strong><\/p>\n<\/div><\/section><br \/>\n\n<style type=\"text\/css\" data-created_by=\"avia_inline_auto\" id=\"style-css-av-av_image-dc325e16a0171b390ae60257cc8050b7\">\n.avia-image-container.av-av_image-dc325e16a0171b390ae60257cc8050b7 img.avia_image{\nbox-shadow:none;\n}\n.avia-image-container.av-av_image-dc325e16a0171b390ae60257cc8050b7 .av-image-caption-overlay-center{\ncolor:#ffffff;\n}\n<\/style>\n<div  class='avia-image-container av-av_image-dc325e16a0171b390ae60257cc8050b7 av-styling- avia-align-center  avia-builder-el-7  el_after_av_textblock  el_before_av_hr '   itemprop=\"image\" itemscope=\"itemscope\" itemtype=\"https:\/\/schema.org\/ImageObject\" ><div class=\"avia-image-container-inner\"><div class=\"avia-image-overlay-wrap\"><img class='wp-image-5917 avia-img-lazy-loading-not-5917 avia_image ' src='https:\/\/vra-bc.com\/wp-content\/uploads\/2017\/06\/Seatgul-Principatelor.png' alt='' title='Seatgul Principatelor'  height=\"340\" width=\"468\"  itemprop=\"thumbnailUrl\"  \/><\/div><\/div><\/div><br \/>\n<div  class='hr av-av_hr-dcd2069817a0e3d34ae04cad8f3443c7 hr-default  avia-builder-el-8  el_after_av_image  el_before_av_textblock '><span class='hr-inner '><span class=\"hr-inner-style\"><\/span><\/span><\/div><br \/>\n<section  class='av_textblock_section av-av_textblock-396ddf1f42196ca838231e61a4602801'  itemscope=\"itemscope\" itemtype=\"https:\/\/schema.org\/BlogPosting\" itemprop=\"blogPost\" ><div class='avia_textblock'  itemprop=\"text\" ><p>Prin Constitu\u021bia din 1866 s-a stabilit ordinea \u015fi dispozi\u0163ia verticala a culorilor: albastru la hamp\u0103, galben la mijloc, iar ro\u015ful la margine.<\/p>\n<p>Dup\u0103 venirea la conducerea statului a principelui Carol de Hohenzollern \u2013 Sigmaringen \u015fi \u00eenf\u0103ptuirea Rom\u00e2niei Mari \u00een 1918, drapelul oficial a r\u0103mas \u00een continuare cel tricolor, cu f\u00e2\u015fiile dispuse vertical \u015fi f\u0103r\u0103 stem\u0103 \u00een centru.<\/p>\n<p>O dat\u0103 cu instaurarea republicii au fost interzise toate \u00eensemnele regatului, drapelul Republicii Populare Rom\u00e2ne a r\u0103mas tot tricolorul, dar av\u00e2nd \u00een centru nou creata Stem\u0103 a Republicii.<\/p>\n<\/div><\/section><br \/>\n\n<style type=\"text\/css\" data-created_by=\"avia_inline_auto\" id=\"style-css-av-av_image-fd488d7367714cf187212c7d6141c468\">\n.avia-image-container.av-av_image-fd488d7367714cf187212c7d6141c468 img.avia_image{\nbox-shadow:none;\n}\n.avia-image-container.av-av_image-fd488d7367714cf187212c7d6141c468 .av-image-caption-overlay-center{\ncolor:#ffffff;\n}\n<\/style>\n<div  class='avia-image-container av-av_image-fd488d7367714cf187212c7d6141c468 av-styling- avia-align-center  avia-builder-el-10  el_after_av_textblock  el_before_av_hr '   itemprop=\"image\" itemscope=\"itemscope\" itemtype=\"https:\/\/schema.org\/ImageObject\" ><div class=\"avia-image-container-inner\"><div class=\"avia-image-overlay-wrap\"><img class='wp-image-5918 avia-img-lazy-loading-not-5918 avia_image ' src='https:\/\/vra-bc.com\/wp-content\/uploads\/2017\/06\/Steagul-Romaniei.png' alt='' title='Steagul Romaniei'  height=\"312\" width=\"468\"  itemprop=\"thumbnailUrl\"  \/><\/div><\/div><\/div><br \/>\n<div  class='hr av-av_hr-dcd2069817a0e3d34ae04cad8f3443c7 hr-default  avia-builder-el-11  el_after_av_image  el_before_av_textblock '><span class='hr-inner '><span class=\"hr-inner-style\"><\/span><\/span><\/div><br \/>\n<section  class='av_textblock_section av-av_textblock-396ddf1f42196ca838231e61a4602801'  itemscope=\"itemscope\" itemtype=\"https:\/\/schema.org\/BlogPosting\" itemprop=\"blogPost\" ><div class='avia_textblock'  itemprop=\"text\" ><p>Stema \u00eenf\u0103\u0163i\u015fa: un tractor, un grup de trei furnale pe c\u00e2mpul unui soare care r\u0103sare, \u00eenconjurat de o \u00eenm\u0103nunchiere de spice de gr\u00e2u, legate de o panglic\u0103 av\u00e2nd inscrip\u021bia Republica Popular\u0103 Rom\u00e2n\u0103 \u015fi ini\u021bialele R. P. R. la cap\u0103tul spicelor.<\/p>\n<p>Din 1952, prin prevederile Constitu\u0163iei, \u00een partea superioar\u0103 a Stemei Republicii apare o stea ro\u015fie \u00een cinci col\u0163uri, iar din 1965, tricolorul a purtat Stema Republicii Socialite Rom\u00e2nia.<\/p>\n<\/div><\/section><br \/>\n\n<style type=\"text\/css\" data-created_by=\"avia_inline_auto\" id=\"style-css-av-av_image-a601317e7a0657aaba166bcec49dbb62\">\n.avia-image-container.av-av_image-a601317e7a0657aaba166bcec49dbb62 img.avia_image{\nbox-shadow:none;\n}\n.avia-image-container.av-av_image-a601317e7a0657aaba166bcec49dbb62 .av-image-caption-overlay-center{\ncolor:#ffffff;\n}\n<\/style>\n<div  class='avia-image-container av-av_image-a601317e7a0657aaba166bcec49dbb62 av-styling- avia-align-center  avia-builder-el-13  el_after_av_textblock  el_before_av_hr '   itemprop=\"image\" itemscope=\"itemscope\" itemtype=\"https:\/\/schema.org\/ImageObject\" ><div class=\"avia-image-container-inner\"><div class=\"avia-image-overlay-wrap\"><img class='wp-image-5919 avia-img-lazy-loading-not-5919 avia_image ' src='https:\/\/vra-bc.com\/wp-content\/uploads\/2017\/06\/Steag-Frara-Stema.png' alt='' title='Steag Frara Stema'  height=\"468\" width=\"468\"  itemprop=\"thumbnailUrl\"  \/><\/div><\/div><\/div><br \/>\n<div  class='hr av-av_hr-dcd2069817a0e3d34ae04cad8f3443c7 hr-default  avia-builder-el-14  el_after_av_image  el_before_av_textblock '><span class='hr-inner '><span class=\"hr-inner-style\"><\/span><\/span><\/div><br \/>\n<section  class='av_textblock_section av-av_textblock-396ddf1f42196ca838231e61a4602801'  itemscope=\"itemscope\" itemtype=\"https:\/\/schema.org\/BlogPosting\" itemprop=\"blogPost\" ><div class='avia_textblock'  itemprop=\"text\" ><p>\u00cen timpul evenimentelor din decembrie 1989, oamenii care au ie\u015fit \u00een strad\u0103, \u00eenc\u0103 din 17 decembrie la Timi\u015foara, au t\u0103iat sau au rupt de pe drapel Stema, dorind s\u0103 scape de \u00eensemnele heraldice comuniste, l\u0103s\u00e2nd astfel drapelele g\u0103urite.<\/p>\n<p>Potrivit Constitutiei din 1991 drapelul na\u0163ional urma s\u0103 nu mai con\u0163ina nici un element heraldic, o eventuala Stema urm\u00e2nd a fi folosit\u0103 separat pentru \u00eensemnele oficiale.<\/p>\n<p>Prin renun\u0163area la Stema comunist\u0103, steagul tricolor a devenit \u00eens\u0103 aproape identic cu cel al statului Ciad, fapt interzis categoric de reglementarile heraldice interna\u0163ionale. (Drapelul Ciadului difer\u0103 de drapelul rom\u00e2nesc doar prin nuan\u0163a ceva mai \u00eenchis\u0103 a f\u00e2\u015fiei albastre, indigo, \u00een loc de cobalt cum e la cel rom\u00e2nesc).<\/p>\n<p>Rom\u00e2nia s-a plasat astfel, f\u0103r\u0103 voie, \u00een centrul unui scandal diplomatic a c\u0103rui rezolvare a fost am\u00e2nata permanent, \u00een ciuda nenumaratelor semnale negative primite din partea speciali\u015ftilor \u00een vexilologie, \u015ftiin\u0163a care se ocupa cu studiul drapelelor na\u0163ionale, deoarece legisla\u0163ia interna\u0163ional\u0103 interzice utilizarea aceluia\u015fi steag de c\u0103tre dou\u0103 \u0163\u0103ri. Steaguri similare cu tricolorul romanesc mai au Republica Moldova \u015fi Andora, dar cu steme pe culoarea galben\u0103 central\u0103.<\/p>\n<p>O eventual\u0103 nou\u0103 form\u0103 a drapelului na\u0163ional nu poate fi decis\u0103 dec\u00e2t printr-o noua Constitu\u0163ie. \u00cen iunie 2013, Comisia pentru revizuirea Constitu\u0163ei a adoptat un amendament la legea fundamentala prin care se introduce Stema Na\u0163ionala pe drapelul Rom\u00e2niei. Stema va fi aceea\u015fi ca cea votata prin lege organic\u0103, \u00een 1992.<\/p>\n<p>\u015ei ast\u0103zi\u00a0<strong>Drapelul de lupt\u0103 este simbolul onoarei, vitejiei \u015fi gloriei militare<\/strong>. El evoc\u0103 trecutul glorios de lupt\u0103 al poporului rom\u00e2n pentru libertate na\u0163ional\u0103 \u015fi tradi\u0163iile de lupt\u0103 ale unit\u0103\u0163ii, amintind fiec\u0103rui militar datoria sf\u00e2nt\u0103 de a servi cu credin\u0163\u0103 patria, de a ap\u0103ra cu orice pre\u0163 unitatea, suveranitatea \u015fi independen\u0163a Rom\u00e2niei.<\/p>\n<\/div><\/section><\/p><\/div>\n","protected":false},"excerpt":{"rendered":"<p>Drapelul tricolor rom\u00e2nesc, al\u0103turi de stem\u0103 \u015fi imn reprezint\u0103 un \u00eensemn na\u0163ional important al neamului nostru. El are o tradi\u0163ie popular\u0103 \u015fi cre\u015ftin\u0103 precum \u015fi una revolu\u0163ionar\u0103. <\/p>\n","protected":false},"author":310,"featured_media":5916,"comment_status":"closed","ping_status":"closed","sticky":false,"template":"","format":"standard","meta":[],"categories":[156,201,99],"tags":[],"yoast_head":"<!-- This site is optimized with the Yoast SEO plugin v19.3 - https:\/\/yoast.com\/wordpress\/plugins\/seo\/ -->\n<title>26 iunie - Ziua Drapelului Na\u0163ional &raquo; Vancouver Romanian Association<\/title>\n<meta name=\"robots\" content=\"index, follow, max-snippet:-1, max-image-preview:large, max-video-preview:-1\" \/>\n<link rel=\"canonical\" href=\"https:\/\/vra-bc.com\/ro\/26-iunie-ziua-drapelului-national\/\" \/>\n<meta property=\"og:locale\" content=\"ro_RO\" \/>\n<meta property=\"og:type\" content=\"article\" \/>\n<meta property=\"og:title\" content=\"26 iunie - Ziua Drapelului Na\u0163ional &raquo; Vancouver Romanian Association\" \/>\n<meta property=\"og:description\" content=\"Drapelul tricolor rom\u00e2nesc, al\u0103turi de stem\u0103 \u015fi imn reprezint\u0103 un \u00eensemn na\u0163ional important al neamului nostru. El are o tradi\u0163ie popular\u0103 \u015fi cre\u015ftin\u0103 precum \u015fi una revolu\u0163ionar\u0103.\" \/>\n<meta property=\"og:url\" content=\"https:\/\/vra-bc.com\/ro\/26-iunie-ziua-drapelului-national\/\" \/>\n<meta property=\"og:site_name\" content=\"Vancouver Romanian Association\" \/>\n<meta property=\"article:publisher\" content=\"http:\/\/www.facebook.com\/VancouverRomanianAssociation\" \/>\n<meta property=\"article:published_time\" content=\"2017-06-26T06:21:17+00:00\" \/>\n<meta property=\"article:modified_time\" content=\"2017-06-26T06:23:24+00:00\" \/>\n<meta property=\"og:image\" content=\"https:\/\/vra-bc.com\/wp-content\/uploads\/2017\/06\/Ziua-Drapelului.png\" \/>\n\t<meta property=\"og:image:width\" content=\"344\" \/>\n\t<meta property=\"og:image:height\" content=\"449\" \/>\n\t<meta property=\"og:image:type\" content=\"image\/png\" \/>\n<meta name=\"author\" content=\"Vancouver Romanian Association\" \/>\n<meta name=\"twitter:label1\" content=\"Scris de\" \/>\n\t<meta name=\"twitter:data1\" content=\"Vancouver Romanian Association\" \/>\n\t<meta name=\"twitter:label2\" content=\"Timp estimat pentru citire\" \/>\n\t<meta name=\"twitter:data2\" content=\"8 minutes\" \/>\n<script type=\"application\/ld+json\" class=\"yoast-schema-graph\">{\"@context\":\"https:\/\/schema.org\",\"@graph\":[{\"@type\":\"WebSite\",\"@id\":\"https:\/\/vra-bc.com\/ro\/#website\",\"url\":\"https:\/\/vra-bc.com\/ro\/\",\"name\":\"Vancouver Romanian Association\",\"description\":\"Acasa\",\"potentialAction\":[{\"@type\":\"SearchAction\",\"target\":{\"@type\":\"EntryPoint\",\"urlTemplate\":\"https:\/\/vra-bc.com\/ro\/?s={search_term_string}\"},\"query-input\":\"required name=search_term_string\"}],\"inLanguage\":\"ro-RO\"},{\"@type\":\"ImageObject\",\"inLanguage\":\"ro-RO\",\"@id\":\"https:\/\/vra-bc.com\/ro\/26-iunie-ziua-drapelului-national\/#primaryimage\",\"url\":\"https:\/\/vra-bc.com\/wp-content\/uploads\/2017\/06\/Ziua-Drapelului.png\",\"contentUrl\":\"https:\/\/vra-bc.com\/wp-content\/uploads\/2017\/06\/Ziua-Drapelului.png\",\"width\":\"344\",\"height\":\"449\"},{\"@type\":\"WebPage\",\"@id\":\"https:\/\/vra-bc.com\/ro\/26-iunie-ziua-drapelului-national\/\",\"url\":\"https:\/\/vra-bc.com\/ro\/26-iunie-ziua-drapelului-national\/\",\"name\":\"26 iunie - Ziua Drapelului Na\u0163ional &raquo; Vancouver Romanian Association\",\"isPartOf\":{\"@id\":\"https:\/\/vra-bc.com\/ro\/#website\"},\"primaryImageOfPage\":{\"@id\":\"https:\/\/vra-bc.com\/ro\/26-iunie-ziua-drapelului-national\/#primaryimage\"},\"datePublished\":\"2017-06-26T06:21:17+00:00\",\"dateModified\":\"2017-06-26T06:23:24+00:00\",\"author\":{\"@id\":\"https:\/\/vra-bc.com\/ro\/#\/schema\/person\/5da299ef05806cf8fe8e0bd2e9379982\"},\"breadcrumb\":{\"@id\":\"https:\/\/vra-bc.com\/ro\/26-iunie-ziua-drapelului-national\/#breadcrumb\"},\"inLanguage\":\"ro-RO\",\"potentialAction\":[{\"@type\":\"ReadAction\",\"target\":[\"https:\/\/vra-bc.com\/ro\/26-iunie-ziua-drapelului-national\/\"]}]},{\"@type\":\"BreadcrumbList\",\"@id\":\"https:\/\/vra-bc.com\/ro\/26-iunie-ziua-drapelului-national\/#breadcrumb\",\"itemListElement\":[{\"@type\":\"ListItem\",\"position\":1,\"name\":\"Home\",\"item\":\"https:\/\/vra-bc.com\/ro\/\"},{\"@type\":\"ListItem\",\"position\":2,\"name\":\"26 iunie &#8211; Ziua Drapelului Na\u0163ional\"}]},{\"@type\":\"Person\",\"@id\":\"https:\/\/vra-bc.com\/ro\/#\/schema\/person\/5da299ef05806cf8fe8e0bd2e9379982\",\"name\":\"Vancouver Romanian Association\",\"image\":{\"@type\":\"ImageObject\",\"inLanguage\":\"ro-RO\",\"@id\":\"https:\/\/vra-bc.com\/ro\/#\/schema\/person\/image\/\",\"url\":\"\/\/www.gravatar.com\/avatar\/70383b38e833932cac32170e4362b40e?s=96&#038;r=g&#038;d=mm\",\"contentUrl\":\"\/\/www.gravatar.com\/avatar\/70383b38e833932cac32170e4362b40e?s=96&#038;r=g&#038;d=mm\",\"caption\":\"Vancouver Romanian Association\"},\"sameAs\":[\"http:\/\/www.vra-bc.com\"]}]}<\/script>\n<!-- \/ Yoast SEO plugin. -->","yoast_head_json":{"title":"26 iunie - Ziua Drapelului Na\u0163ional &raquo; Vancouver Romanian Association","robots":{"index":"index","follow":"follow","max-snippet":"max-snippet:-1","max-image-preview":"max-image-preview:large","max-video-preview":"max-video-preview:-1"},"canonical":"https:\/\/vra-bc.com\/ro\/26-iunie-ziua-drapelului-national\/","og_locale":"ro_RO","og_type":"article","og_title":"26 iunie - Ziua Drapelului Na\u0163ional &raquo; Vancouver Romanian Association","og_description":"Drapelul tricolor rom\u00e2nesc, al\u0103turi de stem\u0103 \u015fi imn reprezint\u0103 un \u00eensemn na\u0163ional important al neamului nostru. El are o tradi\u0163ie popular\u0103 \u015fi cre\u015ftin\u0103 precum \u015fi una revolu\u0163ionar\u0103.","og_url":"https:\/\/vra-bc.com\/ro\/26-iunie-ziua-drapelului-national\/","og_site_name":"Vancouver Romanian Association","article_publisher":"http:\/\/www.facebook.com\/VancouverRomanianAssociation","article_published_time":"2017-06-26T06:21:17+00:00","article_modified_time":"2017-06-26T06:23:24+00:00","og_image":[{"width":"344","height":"449","url":"https:\/\/vra-bc.com\/wp-content\/uploads\/2017\/06\/Ziua-Drapelului.png","type":"image\/png"}],"author":"Vancouver Romanian Association","twitter_misc":{"Scris de":"Vancouver Romanian Association","Timp estimat pentru citire":"8 minutes"},"schema":{"@context":"https:\/\/schema.org","@graph":[{"@type":"WebSite","@id":"https:\/\/vra-bc.com\/ro\/#website","url":"https:\/\/vra-bc.com\/ro\/","name":"Vancouver Romanian Association","description":"Acasa","potentialAction":[{"@type":"SearchAction","target":{"@type":"EntryPoint","urlTemplate":"https:\/\/vra-bc.com\/ro\/?s={search_term_string}"},"query-input":"required name=search_term_string"}],"inLanguage":"ro-RO"},{"@type":"ImageObject","inLanguage":"ro-RO","@id":"https:\/\/vra-bc.com\/ro\/26-iunie-ziua-drapelului-national\/#primaryimage","url":"https:\/\/vra-bc.com\/wp-content\/uploads\/2017\/06\/Ziua-Drapelului.png","contentUrl":"https:\/\/vra-bc.com\/wp-content\/uploads\/2017\/06\/Ziua-Drapelului.png","width":"344","height":"449"},{"@type":"WebPage","@id":"https:\/\/vra-bc.com\/ro\/26-iunie-ziua-drapelului-national\/","url":"https:\/\/vra-bc.com\/ro\/26-iunie-ziua-drapelului-national\/","name":"26 iunie - Ziua Drapelului Na\u0163ional &raquo; Vancouver Romanian Association","isPartOf":{"@id":"https:\/\/vra-bc.com\/ro\/#website"},"primaryImageOfPage":{"@id":"https:\/\/vra-bc.com\/ro\/26-iunie-ziua-drapelului-national\/#primaryimage"},"datePublished":"2017-06-26T06:21:17+00:00","dateModified":"2017-06-26T06:23:24+00:00","author":{"@id":"https:\/\/vra-bc.com\/ro\/#\/schema\/person\/5da299ef05806cf8fe8e0bd2e9379982"},"breadcrumb":{"@id":"https:\/\/vra-bc.com\/ro\/26-iunie-ziua-drapelului-national\/#breadcrumb"},"inLanguage":"ro-RO","potentialAction":[{"@type":"ReadAction","target":["https:\/\/vra-bc.com\/ro\/26-iunie-ziua-drapelului-national\/"]}]},{"@type":"BreadcrumbList","@id":"https:\/\/vra-bc.com\/ro\/26-iunie-ziua-drapelului-national\/#breadcrumb","itemListElement":[{"@type":"ListItem","position":1,"name":"Home","item":"https:\/\/vra-bc.com\/ro\/"},{"@type":"ListItem","position":2,"name":"26 iunie &#8211; Ziua Drapelului Na\u0163ional"}]},{"@type":"Person","@id":"https:\/\/vra-bc.com\/ro\/#\/schema\/person\/5da299ef05806cf8fe8e0bd2e9379982","name":"Vancouver Romanian Association","image":{"@type":"ImageObject","inLanguage":"ro-RO","@id":"https:\/\/vra-bc.com\/ro\/#\/schema\/person\/image\/","url":"\/\/www.gravatar.com\/avatar\/70383b38e833932cac32170e4362b40e?s=96&#038;r=g&#038;d=mm","contentUrl":"\/\/www.gravatar.com\/avatar\/70383b38e833932cac32170e4362b40e?s=96&#038;r=g&#038;d=mm","caption":"Vancouver Romanian Association"},"sameAs":["http:\/\/www.vra-bc.com"]}]}},"_links":{"self":[{"href":"https:\/\/vra-bc.com\/ro\/wp-json\/wp\/v2\/posts\/5922"}],"collection":[{"href":"https:\/\/vra-bc.com\/ro\/wp-json\/wp\/v2\/posts"}],"about":[{"href":"https:\/\/vra-bc.com\/ro\/wp-json\/wp\/v2\/types\/post"}],"author":[{"embeddable":true,"href":"https:\/\/vra-bc.com\/ro\/wp-json\/wp\/v2\/users\/310"}],"replies":[{"embeddable":true,"href":"https:\/\/vra-bc.com\/ro\/wp-json\/wp\/v2\/comments?post=5922"}],"version-history":[{"count":2,"href":"https:\/\/vra-bc.com\/ro\/wp-json\/wp\/v2\/posts\/5922\/revisions"}],"predecessor-version":[{"id":5924,"href":"https:\/\/vra-bc.com\/ro\/wp-json\/wp\/v2\/posts\/5922\/revisions\/5924"}],"wp:featuredmedia":[{"embeddable":true,"href":"https:\/\/vra-bc.com\/ro\/wp-json\/wp\/v2\/media\/5916"}],"wp:attachment":[{"href":"https:\/\/vra-bc.com\/ro\/wp-json\/wp\/v2\/media?parent=5922"}],"wp:term":[{"taxonomy":"category","embeddable":true,"href":"https:\/\/vra-bc.com\/ro\/wp-json\/wp\/v2\/categories?post=5922"},{"taxonomy":"post_tag","embeddable":true,"href":"https:\/\/vra-bc.com\/ro\/wp-json\/wp\/v2\/tags?post=5922"}],"curies":[{"name":"wp","href":"https:\/\/api.w.org\/{rel}","templated":true}]}}